{"id":8827,"date":"2023-12-28T14:27:24","date_gmt":"2023-12-28T13:27:24","guid":{"rendered":"http:\/\/www.kulturgestalten.net\/?p=8827"},"modified":"2024-01-01T13:19:34","modified_gmt":"2024-01-01T12:19:34","slug":"schnell-noch-karten-bestellen","status":"publish","type":"post","link":"http:\/\/www.kulturgestalten.net\/index.php\/2023\/12\/28\/schnell-noch-karten-bestellen\/","title":{"rendered":"Schnell noch Karten bestellen"},"content":{"rendered":"<p>Wir n\u00e4hern uns mit gro\u00dfen Schritten unserer Premiere und damit dem Ende des Vorverkaufs f\u00fcr unser Wintertheater.<\/p>\n<p><strong>Es sind nur noch Restkarten verf\u00fcgbar.<\/strong><br \/>\nSichert Euch jetzt noch, bis sp\u00e4testens 8:00 Uhr am Tag der Veranstaltung, Euren Sitzplatz in unserem neuen <a href=\"https:\/\/pretix.eu\/kulturgestalten\/WT2023\/\">Karten Online-Shop<\/a>!<\/p>\n<p><strong>Danach sind Restkarten nur noch an der Abendkasse erh\u00e4ltlich.<\/strong><\/p>\n<p>Die Kulturgestalten pr\u00e4sentieren eine Krimikom\u00f6die von Stephan Schroeder, nach Motiven von Edgar Wallace.<br \/>\n<a href=\"http:\/\/www.kulturgestalten.net\/index.php\/portfolio\/das-gasthaus-an-der-jagst\/\">Das Gasthaus an der Jagst<\/a><\/p>\n","protected":false},"excerpt":{"rendered":"<p>Wir n\u00e4hern uns mit gro\u00dfen Schritten unserer Premiere und damit dem Ende des Vorverkaufs f\u00fcr unser Wintertheater. Es sind nur noch Restkarten verf\u00fcgbar. Sichert Euch jetzt noch, bis sp\u00e4testens 8:00 Uhr am Tag der Veranstaltung, Euren Sitzplatz in unserem neuen Karten Online-Shop! Danach sind Restkarten nur noch an der Abendkasse erh\u00e4ltlich. Die Kulturgestalten pr\u00e4sentieren eine&#8230;<\/p>\n","protected":false},"author":1,"featured_media":8855,"comment_status":"closed","ping_status":"open","sticky":false,"template":"","format":"standard","meta":{"_acf_changed":false,"inline_featured_image":false,"footnotes":""},"categories":[7],"tags":[70,66],"class_list":["post-8827","post","type-post","status-publish","format-standard","has-post-thumbnail","hentry","category-theatergruppe","tag-70","tag-wintertheater"],"acf":[],"_links":{"self":[{"href":"http:\/\/www.kulturgestalten.net\/index.php\/wp-json\/wp\/v2\/posts\/8827","targetHints":{"allow":["GET"]}}],"collection":[{"href":"http:\/\/www.kulturgestalten.net\/index.php\/wp-json\/wp\/v2\/posts"}],"about":[{"href":"http:\/\/www.kulturgestalten.net\/index.php\/wp-json\/wp\/v2\/types\/post"}],"author":[{"embeddable":true,"href":"http:\/\/www.kulturgestalten.net\/index.php\/wp-json\/wp\/v2\/users\/1"}],"replies":[{"embeddable":true,"href":"http:\/\/www.kulturgestalten.net\/index.php\/wp-json\/wp\/v2\/comments?post=8827"}],"version-history":[{"count":3,"href":"http:\/\/www.kulturgestalten.net\/index.php\/wp-json\/wp\/v2\/posts\/8827\/revisions"}],"predecessor-version":[{"id":8830,"href":"http:\/\/www.kulturgestalten.net\/index.php\/wp-json\/wp\/v2\/posts\/8827\/revisions\/8830"}],"wp:featuredmedia":[{"embeddable":true,"href":"http:\/\/www.kulturgestalten.net\/index.php\/wp-json\/wp\/v2\/media\/8855"}],"wp:attachment":[{"href":"http:\/\/www.kulturgestalten.net\/index.php\/wp-json\/wp\/v2\/media?parent=8827"}],"wp:term":[{"taxonomy":"category","embeddable":true,"href":"http:\/\/www.kulturgestalten.net\/index.php\/wp-json\/wp\/v2\/categories?post=8827"},{"taxonomy":"post_tag","embeddable":true,"href":"http:\/\/www.kulturgestalten.net\/index.php\/wp-json\/wp\/v2\/tags?post=8827"}],"curies":[{"name":"wp","href":"https:\/\/api.w.org\/{rel}","templated":true}]}}