{"id":389,"date":"2019-05-30T05:55:31","date_gmt":"2019-05-30T03:55:31","guid":{"rendered":"http:\/\/www.kulturgestalten.net\/?p=389"},"modified":"2019-06-10T21:55:57","modified_gmt":"2019-06-10T19:55:57","slug":"theaterausfahrt-ins-neue-globe-theater","status":"publish","type":"post","link":"http:\/\/www.kulturgestalten.net\/index.php\/2019\/05\/30\/theaterausfahrt-ins-neue-globe-theater\/","title":{"rendered":"Theaterausfahrt ins neue Globe Theater"},"content":{"rendered":"<p>Wir freuen uns, am Do. 08.08.1019 f\u00fcr alle Theaterbegeisterten eine Ausfahrt ins neue Globe Theater nach Schw\u00e4bisch Hall anbieten zu k\u00f6nnen.<\/p>\n<p>Ab 20.00 Uhr wird die musikalische Kom\u00f6die &#8222;Ewig Jung&#8220; aufgef\u00fchrt. Erik Gedeons wunderbar schr\u00e4ges Kult-Songdrama ist mal melancholisch und r\u00fchrend, mal bissig und frech, aber immer\u00a0 voller Lust und Leidenschaft f\u00fcrs Theater. Und bei gro\u00dfen Hits wie &#8222;Sex Bomb&#8220;, &#8222;Forever Young&#8220;\u00a0 oder &#8222;Born to be Wild&#8220; rocken die &#8222;r\u00fcstigen Neunzigj\u00e4hrigen&#8220;, bis die B\u00fchne brennt!<\/p>\n<p>Die Karten (Kategorie I) kosten inklusive Busfahrt 45,00 EUR. Zustiegsm\u00f6glichkeiten sind in<\/p>\n<ul>\n<li>Stimpfach (Schule, 18.00 Uhr)<\/li>\n<li>Jagstzell (Bahnhof, 18.15 Uhr)<\/li>\n<li>Rosenberg (Rathaus, 18.30 Uhr)<\/li>\n<\/ul>\n<p>Die R\u00fcckfahrt wird gegen 22.15 Uhr in Schw\u00e4bisch Hall starten.<\/p>\n<p>Verbindliche Anmeldungen k\u00f6nnen bis 15.06.2019 unter (info[at]kulturgestalten.net oder 0151\/62450755) vorgenommen werden.<\/p>\n<p>Hier noch einige Infos zum Spielort: Seit dem Jahr 2019 sind die Stadt Schw\u00e4bisch Hall und die Freilichtspiele um eine Attraktion reicher. Nach rund zwei Jahren Bauzeit wurde das neue Globe im M\u00e4rz 2019 offiziell eingeweiht. Das Neue Globe ist ein mehrst\u00f6ckiges, regensicheres und temperierbares Freilichttheater mit zahlreichen Bespielm\u00f6glichkeiten, das insgesamt 370<br \/>\nZuschauern Platz bietet.<\/p>\n<p>Bitte beachtet, dass lediglich eine begrenztes Kartenkontingent zur Verf\u00fcgung steht und die Anmeldungen in der Reihenfolge ihres Eingangs ber\u00fccksichtigt werden.<br \/>\nHast du aktuell Fragen oder Anregungen? Dann sprich uns einfach an.<\/p>\n","protected":false},"excerpt":{"rendered":"<p>Wir freuen uns, am Do. 08.08.1019 f\u00fcr alle Theaterbegeisterten eine Ausfahrt ins neue Globe Theater nach Schw\u00e4bisch Hall anbieten zu k\u00f6nnen. Ab 20.00 Uhr wird die musikalische Kom\u00f6die &#8222;Ewig Jung&#8220; aufgef\u00fchrt. Erik Gedeons wunderbar schr\u00e4ges Kult-Songdrama ist mal melancholisch und r\u00fchrend, mal bissig und frech, aber immer\u00a0 voller Lust und Leidenschaft f\u00fcrs Theater. Und bei&#8230;<\/p>\n","protected":false},"author":1,"featured_media":0,"comment_status":"closed","ping_status":"open","sticky":false,"template":"","format":"standard","meta":{"_acf_changed":false,"inline_featured_image":false,"footnotes":""},"categories":[1],"tags":[],"class_list":["post-389","post","type-post","status-publish","format-standard","hentry","category-allgemein"],"acf":[],"_links":{"self":[{"href":"http:\/\/www.kulturgestalten.net\/index.php\/wp-json\/wp\/v2\/posts\/389","targetHints":{"allow":["GET"]}}],"collection":[{"href":"http:\/\/www.kulturgestalten.net\/index.php\/wp-json\/wp\/v2\/posts"}],"about":[{"href":"http:\/\/www.kulturgestalten.net\/index.php\/wp-json\/wp\/v2\/types\/post"}],"author":[{"embeddable":true,"href":"http:\/\/www.kulturgestalten.net\/index.php\/wp-json\/wp\/v2\/users\/1"}],"replies":[{"embeddable":true,"href":"http:\/\/www.kulturgestalten.net\/index.php\/wp-json\/wp\/v2\/comments?post=389"}],"version-history":[{"count":2,"href":"http:\/\/www.kulturgestalten.net\/index.php\/wp-json\/wp\/v2\/posts\/389\/revisions"}],"predecessor-version":[{"id":7877,"href":"http:\/\/www.kulturgestalten.net\/index.php\/wp-json\/wp\/v2\/posts\/389\/revisions\/7877"}],"wp:attachment":[{"href":"http:\/\/www.kulturgestalten.net\/index.php\/wp-json\/wp\/v2\/media?parent=389"}],"wp:term":[{"taxonomy":"category","embeddable":true,"href":"http:\/\/www.kulturgestalten.net\/index.php\/wp-json\/wp\/v2\/categories?post=389"},{"taxonomy":"post_tag","embeddable":true,"href":"http:\/\/www.kulturgestalten.net\/index.php\/wp-json\/wp\/v2\/tags?post=389"}],"curies":[{"name":"wp","href":"https:\/\/api.w.org\/{rel}","templated":true}]}}